{"id":107,"__str__":"Of\u00edcio de Marca\u00e7\u00e3o de Audi\u00eancia P\u00fablica","link_detail_backend":"/audiencia/anexoaudienciapublica/107","metadata":{},"arquivo":"http://sapl.boavista.rr.leg.br/media/sapl/public/anexoaudienciapublica/107/oficio_n.o_006-2025-sgl-cmbv-smec.pdf","data":"2025-01-06","assunto":"Of\u00edcio de Marca\u00e7\u00e3o de Audi\u00eancia P\u00fablica","audiencia":81}