{"id":183,"__str__":"Convites para a Audi\u00eancia P\u00fablica de Apresenta\u00e7\u00e3o da Presta\u00e7\u00e3o de Contas do 3\u00ba quadrimestre de 2025 - Sec. Educa\u00e7\u00e3o).","link_detail_backend":"/audiencia/anexoaudienciapublica/183","metadata":{},"arquivo":"http://sapl.boavista.rr.leg.br/media/sapl/public/anexoaudienciapublica/183/oficio_no_164-2026.pdf","data":"2026-03-27","assunto":"Convites para a Audi\u00eancia P\u00fablica de Apresenta\u00e7\u00e3o da Presta\u00e7\u00e3o de Contas do 3\u00ba quadrimestre de 2025 - Sec. Educa\u00e7\u00e3o).","audiencia":104}