{"id":24,"__str__":"Audi\u00eancia P\u00fablica para  Apresenta\u00e7\u00e3o do Relat\u00f3rio  da Presta\u00e7\u00e3o de Contas  da Sa\u00fade.","link_detail_backend":"/audiencia/anexoaudienciapublica/24","metadata":{},"arquivo":"http://sapl.boavista.rr.leg.br/media/sapl/public/anexoaudienciapublica/24/oficio_no_019-2023.pdf","data":"2023-02-28","assunto":"Audi\u00eancia P\u00fablica para  Apresenta\u00e7\u00e3o do Relat\u00f3rio  da Presta\u00e7\u00e3o de Contas  da Sa\u00fade.","audiencia":55}