{"id":32,"__str__":"PROMOTOR DO MINSIT\u00c9RIO P\u00daBLICO  DE RORAIMA, N\u00c3O PODER\u00c1 COMPARECER A AUDI\u00caNCIA.","link_detail_backend":"/audiencia/anexoaudienciapublica/32","metadata":{},"arquivo":"http://sapl.boavista.rr.leg.br/media/sapl/public/anexoaudienciapublica/32/oficio__no_06823_pjma-2o.pdf","data":"2023-03-20","assunto":"PROMOTOR DO MINSIT\u00c9RIO P\u00daBLICO  DE RORAIMA, N\u00c3O PODER\u00c1 COMPARECER A AUDI\u00caNCIA.","audiencia":62}