{"id":50,"__str__":"Remarca\u00e7\u00e3o  da Audi\u00eancia P\u00fablica de Apresenta\u00e7\u00e3o do Rel. de Presta\u00e7\u00e3o de Contas da Sec. Mun. Educa\u00e7\u00e3o 1\u00ba Quadrimestre de  2023.","link_detail_backend":"/audiencia/anexoaudienciapublica/50","metadata":{},"arquivo":"http://sapl.boavista.rr.leg.br/media/sapl/public/anexoaudienciapublica/50/oficio_no_20318_smec-gab-2023.pdf","data":"2023-05-25","assunto":"Remarca\u00e7\u00e3o  da Audi\u00eancia P\u00fablica de Apresenta\u00e7\u00e3o do Rel. de Presta\u00e7\u00e3o de Contas da Sec. Mun. Educa\u00e7\u00e3o 1\u00ba Quadrimestre de  2023.","audiencia":56}