{"id":59,"__str__":"Audi\u00eancia P\u00fablica de Apresenta\u00e7\u00e3o do Rel. de Presta\u00e7\u00e3o de Contas da Sec. Mun. Educa\u00e7\u00e3o 1\u00ba Quad. 2023","link_detail_backend":"/audiencia/anexoaudienciapublica/59","metadata":{},"arquivo":"http://sapl.boavista.rr.leg.br/media/sapl/public/anexoaudienciapublica/59/oficio_no_436-2023.pdf","data":"2023-09-19","assunto":"Audi\u00eancia P\u00fablica de Apresenta\u00e7\u00e3o do Rel. de Presta\u00e7\u00e3o de Contas da Sec. Mun. Educa\u00e7\u00e3o 1\u00ba Quad. 2023","audiencia":56}