{"id":77,"__str__":"Of\u00edcio de Marca\u00e7\u00e3o de Audi\u00eancia.","link_detail_backend":"/audiencia/anexoaudienciapublica/77","metadata":{},"arquivo":"http://sapl.boavista.rr.leg.br/media/sapl/public/anexoaudienciapublica/77/oficio-002-2024.pdf","data":"2024-03-26","assunto":"Of\u00edcio de Marca\u00e7\u00e3o de Audi\u00eancia.","audiencia":72}