{"id":101,"__str__":"Audi\u00eancia P\u00fablica em Prol do Fomento do Turismo no Munic\u00edpio de Boa Vista","link_detail_backend":"/audiencia/101","metadata":{},"numero":93,"ano":2025,"nome":"Audi\u00eancia P\u00fablica em Prol do Fomento do Turismo no Munic\u00edpio de Boa Vista","tema":"Fomento do Turismo no Munic\u00edpio de Boa Vista","data":"2025-09-25","hora_inicio":"09:00","hora_fim":"13:00","observacao":"","audiencia_cancelada":false,"url_audio":"https://nuvem.boavista.rr.leg.br/index.php/s/X4NpaX8taiccb29","url_video":"https://www.youtube.com/watch?v=AA_983iNzKM","upload_pauta":null,"upload_ata":"http://sapl.boavista.rr.leg.br/media/sapl/public/audienciapublica/101/ata/ata_da_audiencia_publica_em_prol_do_fomento_do_turismo_no_municipio_de_bv_25.09.2025.pdf","upload_anexo":null,"materia":66313,"tipo":1,"parlamentar_autor":79,"requerimento":66313}