{"id":102,"__str__":"Convoca\u00e7\u00e3o do Secret\u00e1rio Municipal de Administra\u00e7\u00e3o e do Presidente do PRESSEM","link_detail_backend":"/audiencia/102","metadata":{},"numero":94,"ano":2025,"nome":"Convoca\u00e7\u00e3o do Secret\u00e1rio Municipal de Administra\u00e7\u00e3o e do Presidente do PRESSEM","tema":"Reuni\u00e3o Conjunta PRESSEM","data":"2025-10-02","hora_inicio":"09:00","hora_fim":"13:00","observacao":"","audiencia_cancelada":false,"url_audio":"","url_video":"","upload_pauta":null,"upload_ata":null,"upload_anexo":null,"materia":73366,"tipo":1,"parlamentar_autor":83,"requerimento":73366}