{"id":104,"__str__":"Audi\u00eancia P\u00fablica de Apresenta\u00e7\u00e3o da Presta\u00e7\u00e3o de Contas do 3\u00ba quadrimestre de 2025 - Sec. Educa\u00e7\u00e3o","link_detail_backend":"/audiencia/104","metadata":{},"numero":145,"ano":2026,"nome":"Audi\u00eancia P\u00fablica de Apresenta\u00e7\u00e3o da Presta\u00e7\u00e3o de Contas do 3\u00ba quadrimestre de 2025 - Sec. Educa\u00e7\u00e3o","tema":"Audi\u00eancia P\u00fablica de Apresenta\u00e7\u00e3o da Presta\u00e7\u00e3o de Contas do 3\u00ba quadrimestre de 2025 - Sec. Educa\u00e7\u00e3o","data":"2026-03-26","hora_inicio":"10:30","hora_fim":"","observacao":"","audiencia_cancelada":false,"url_audio":"","url_video":"","upload_pauta":null,"upload_ata":"http://sapl.boavista.rr.leg.br/media/sapl/public/audienciapublica/104/ata/ata_da_audiencia_publica_prest._de_contas_educacao_26.03.2026.pdf","upload_anexo":null,"materia":null,"tipo":1,"parlamentar_autor":null,"requerimento":null}