{"id":107,"__str__":"Audi\u00eancia P\u00fablica de Apresenta\u00e7\u00e3o da Presta\u00e7\u00e3o de Contas do 3\u00ba quadrimestre de 2025 - Sec. Sa\u00fade","link_detail_backend":"/audiencia/107","metadata":{},"numero":148,"ano":2026,"nome":"Audi\u00eancia P\u00fablica de Apresenta\u00e7\u00e3o da Presta\u00e7\u00e3o de Contas do 3\u00ba quadrimestre de 2025 - Sec. Sa\u00fade","tema":"Audi\u00eancia P\u00fablica de Apresenta\u00e7\u00e3o da Presta\u00e7\u00e3o de Contas do 3\u00ba quadrimestre de 2025 - Sec. Sa\u00fade","data":"2026-04-15","hora_inicio":"10:30","hora_fim":"","observacao":"","audiencia_cancelada":false,"url_audio":"","url_video":"","upload_pauta":null,"upload_ata":null,"upload_anexo":null,"materia":null,"tipo":1,"parlamentar_autor":null,"requerimento":null}