{"id":11,"__str__":"A REGULAMENTA\u00c7\u00c3O DO HOR\u00c1RIO DE CARGA E DESCARGA DE MERCADORIAS EM BOA VISTA","link_detail_backend":"/audiencia/11","metadata":{},"numero":11,"ano":2019,"nome":"A REGULAMENTA\u00c7\u00c3O DO HOR\u00c1RIO DE CARGA E DESCARGA DE MERCADORIAS EM BOA VISTA","tema":"A REGULAMENTA\u00c7\u00c3O DO HOR\u00c1RIO DE CARGA E DESCARGA DE MERCADORIAS EM BOA VISTA","data":"2019-03-13","hora_inicio":"11:10","hora_fim":"","observacao":"","audiencia_cancelada":false,"url_audio":"","url_video":"","upload_pauta":null,"upload_ata":"http://sapl.boavista.rr.leg.br/media/sapl/public/audienciapublica/11/ata/a_regulamentacao_do_horario_de_carga_e_descarga_de_mercadorias_em_boa_vista.pdf","upload_anexo":null,"materia":null,"tipo":1,"parlamentar_autor":null,"requerimento":null}