{"id":19,"__str__":"PREVEN\u00c7\u00c3O AO ABUSO E \u00c0 EXPLORA\u00c7\u00c3O SEXUAL CONTRA CRIAN\u00c7AS E ADOLESCENTES EM BOA VISTA","link_detail_backend":"/audiencia/19","metadata":{},"numero":19,"ano":2019,"nome":"PREVEN\u00c7\u00c3O AO ABUSO E \u00c0 EXPLORA\u00c7\u00c3O SEXUAL CONTRA CRIAN\u00c7AS E ADOLESCENTES EM BOA VISTA","tema":"PREVEN\u00c7\u00c3O AO ABUSO E \u00c0 EXPLORA\u00c7\u00c3O SEXUAL CONTRA CRIAN\u00c7AS E ADOLESCENTES EM BOA VISTA","data":"2019-05-27","hora_inicio":"09:00","hora_fim":"","observacao":"","audiencia_cancelada":false,"url_audio":"","url_video":"","upload_pauta":null,"upload_ata":"http://sapl.boavista.rr.leg.br/media/sapl/public/audienciapublica/19/ata/prevencao_ao_abuso_e_a_exploracao_sexual_contra_criancas_e_adolescentes_em_boa_vista.pdf","upload_anexo":null,"materia":null,"tipo":1,"parlamentar_autor":null,"requerimento":null}