{"id":26,"__str__":"Audi\u00eancia P\u00fablica sobre \"Setembro Amarelo - preven\u00e7\u00e3o ao suic\u00eddio\"","link_detail_backend":"/audiencia/26","metadata":{},"numero":4,"ano":2021,"nome":"Audi\u00eancia P\u00fablica sobre \"Setembro Amarelo - preven\u00e7\u00e3o ao suic\u00eddio\"","tema":"Setembro Amarelo - Preven\u00e7\u00e3o ao Suic\u00eddio.","data":"2021-09-10","hora_inicio":"09:00","hora_fim":"12:00","observacao":"","audiencia_cancelada":false,"url_audio":"https://audios.boavista.rr.leg.br/2021/Audiencia_Publica/Audiencia%20Setembro%20Amarelo%2010092021.mp3","url_video":"","upload_pauta":null,"upload_ata":"http://sapl.boavista.rr.leg.br/media/sapl/public/audienciapublica/26/ata/ata_da_audiencia_publica_-_setembro_amarelo_10.09.2021.pdf","upload_anexo":null,"materia":null,"tipo":1,"parlamentar_autor":41,"requerimento":28408}