{"id":28,"__str__":"Audi\u00eancia P\u00fablica Para Tratar da Import\u00e2ncia da Pessoa com Defici\u00eancia","link_detail_backend":"/audiencia/28","metadata":{},"numero":6,"ano":2021,"nome":"Audi\u00eancia P\u00fablica Para Tratar da Import\u00e2ncia da Pessoa com Defici\u00eancia","tema":"Viol\u00eancia conta a Pessoa com Defici\u00eancia","data":"2021-10-07","hora_inicio":"10:00","hora_fim":"13:00","observacao":"","audiencia_cancelada":false,"url_audio":"","url_video":"","upload_pauta":null,"upload_ata":"http://sapl.boavista.rr.leg.br/media/sapl/public/audienciapublica/28/ata/ata_da_audiencia_publica_-_pessoas_com_deficiencias_07.10.2021.pdf","upload_anexo":"http://sapl.boavista.rr.leg.br/media/sapl/public/audienciapublica/28/anexo/audiencia-publica-07-10-2021.jpeg","materia":29194,"tipo":1,"parlamentar_autor":null,"requerimento":null}