{"id":29,"__str__":"Audi\u00eancia P\u00fablica de Presta\u00e7\u00e3o de Contas da Sec. Mun. de Educa\u00e7\u00e3o e Cultura 1\u00baQUAD/21","link_detail_backend":"/audiencia/29","metadata":{},"numero":23,"ano":2021,"nome":"Audi\u00eancia P\u00fablica de Presta\u00e7\u00e3o de Contas da Sec. Mun. de Educa\u00e7\u00e3o e Cultura 1\u00baQUAD/21","tema":"Audi\u00eancia P\u00fablica de Presta\u00e7\u00e3o de Contas da Sec. Mun. de Educa\u00e7\u00e3o e Cultura 1\u00baQUAD/21","data":"2021-10-08","hora_inicio":"10:00","hora_fim":"13:30","observacao":"","audiencia_cancelada":false,"url_audio":"","url_video":"","upload_pauta":null,"upload_ata":"http://sapl.boavista.rr.leg.br/media/sapl/public/audienciapublica/29/ata/ata_da_audiencia_prestacao_contas_da_smec-2o_quad._2021_08.10.21.pdf","upload_anexo":"http://sapl.boavista.rr.leg.br/media/sapl/public/audienciapublica/29/anexo/prestacao_de_contas_da_educacao__08.10.2021_1.ppt","materia":null,"tipo":1,"parlamentar_autor":null,"requerimento":null}