{"id":30,"__str__":"AUDI\u00caNCIA P\u00daBLICA PARA TRATAR SOBRE A ADO\u00c7\u00c3O DE JORNADA DE 30H SEMANAIS PARA OS PROF. DE ENFERMAGEM","link_detail_backend":"/audiencia/30","metadata":{},"numero":24,"ano":2021,"nome":"AUDI\u00caNCIA P\u00daBLICA PARA TRATAR SOBRE A ADO\u00c7\u00c3O DE JORNADA DE 30H SEMANAIS PARA OS PROF. DE ENFERMAGEM","tema":"AUDI\u00caNCIA P\u00daBLICA PARA TRATAR SOBRE A ADO\u00c7\u00c3O DE JORNADA DE 30H SEMANAIS PARA OS PROF. DE ENFERMAGEM","data":"2021-10-14","hora_inicio":"09:30","hora_fim":"","observacao":"","audiencia_cancelada":false,"url_audio":"","url_video":"","upload_pauta":null,"upload_ata":null,"upload_anexo":null,"materia":29333,"tipo":1,"parlamentar_autor":66,"requerimento":29333}