{"id":32,"__str__":"Audi\u00eancia P\u00fablica Problem\u00e1ticas dos Centros Comerciais do Munic\u00edpio de Boa Vista","link_detail_backend":"/audiencia/32","metadata":{},"numero":26,"ano":2021,"nome":"Audi\u00eancia P\u00fablica Problem\u00e1ticas dos Centros Comerciais do Munic\u00edpio de Boa Vista","tema":"Problem\u00e1ticas dos Centros Comerciais do Munic\u00edpio de Boa Vista","data":"2021-11-05","hora_inicio":"09:30","hora_fim":"13:00","observacao":"","audiencia_cancelada":false,"url_audio":"","url_video":"","upload_pauta":null,"upload_ata":null,"upload_anexo":null,"materia":29888,"tipo":1,"parlamentar_autor":66,"requerimento":29888}