{"id":35,"__str__":"Requer Audi\u00eancia P\u00fablica para tratar das problem\u00e1ticas dos Bairros Santa Tereza e Jardim Primavera","link_detail_backend":"/audiencia/35","metadata":{},"numero":29,"ano":2021,"nome":"Requer Audi\u00eancia P\u00fablica para tratar das problem\u00e1ticas dos Bairros Santa Tereza e Jardim Primavera","tema":"Requer Audi\u00eancia P\u00fablica para tratar das problem\u00e1ticas dos Bairros Santa Tereza e Jardim Primavera","data":"2021-09-22","hora_inicio":"18:00","hora_fim":"","observacao":"","audiencia_cancelada":false,"url_audio":"","url_video":"","upload_pauta":null,"upload_ata":"http://sapl.boavista.rr.leg.br/media/sapl/public/audienciapublica/35/ata/ata_da_audiencia_problematicas_do_b._santa_teresa22.09.2021.pdf","upload_anexo":null,"materia":22932,"tipo":1,"parlamentar_autor":45,"requerimento":22932}