{"id":36,"__str__":"Audi\u00eancia P\u00fablica para tratar sobre o Leil\u00e3o energ\u00e9tico para Roraima","link_detail_backend":"/audiencia/36","metadata":{},"numero":30,"ano":2021,"nome":"Audi\u00eancia P\u00fablica para tratar sobre o Leil\u00e3o energ\u00e9tico para Roraima","tema":"Audi\u00eancia P\u00fablica para tratar sobre o Leil\u00e3o energ\u00e9tico para Roraima","data":"2021-09-16","hora_inicio":"09:00","hora_fim":"11:00","observacao":"","audiencia_cancelada":false,"url_audio":"","url_video":"","upload_pauta":null,"upload_ata":null,"upload_anexo":null,"materia":26802,"tipo":1,"parlamentar_autor":null,"requerimento":null}