{"id":37,"__str__":"Audi\u00eancia P\u00fablica para tratar sobre: A import\u00e2ncia e necessidade da pessoa com defici\u00eancia do Mun.","link_detail_backend":"/audiencia/37","metadata":{},"numero":31,"ano":2021,"nome":"Audi\u00eancia P\u00fablica para tratar sobre: A import\u00e2ncia e necessidade da pessoa com defici\u00eancia do Mun.","tema":"Audi\u00eancia P\u00fablica para tratar sobre: A import\u00e2ncia e necessidade da pessoa com defici\u00eancia do Mun.","data":"2021-10-14","hora_inicio":"09:30","hora_fim":"","observacao":"","audiencia_cancelada":false,"url_audio":"","url_video":"","upload_pauta":null,"upload_ata":null,"upload_anexo":null,"materia":29194,"tipo":1,"parlamentar_autor":66,"requerimento":29194}