{"id":38,"__str__":"Audi\u00eancia P\u00fablica para tratar do Assunto referente ao M\u00eas Setembro Amarelo - Combate ao Suic\u00eddio","link_detail_backend":"/audiencia/38","metadata":{},"numero":32,"ano":2021,"nome":"Audi\u00eancia P\u00fablica para tratar do Assunto referente ao M\u00eas Setembro Amarelo - Combate ao Suic\u00eddio","tema":"Audi\u00eancia P\u00fablica para tratar do Assunto referente ao M\u00eas Setembro Amarelo - Combate ao Suic\u00eddio","data":"2021-10-10","hora_inicio":"09:00","hora_fim":"","observacao":"","audiencia_cancelada":false,"url_audio":"","url_video":"","upload_pauta":null,"upload_ata":"http://sapl.boavista.rr.leg.br/media/sapl/public/audienciapublica/38/ata/ata_da_audiencia_publica_-_setembro_amarelo_10.09.2021.pdf","upload_anexo":null,"materia":28408,"tipo":1,"parlamentar_autor":41,"requerimento":28408}