{"id":39,"__str__":"Audi\u00eancia P\u00fablica para tratar sobre as Problem\u00e1ticas dos Servidores da Educa\u00e7\u00e3o Municipal","link_detail_backend":"/audiencia/39","metadata":{},"numero":33,"ano":2021,"nome":"Audi\u00eancia P\u00fablica para tratar sobre as Problem\u00e1ticas dos Servidores da Educa\u00e7\u00e3o Municipal","tema":"Audi\u00eancia P\u00fablica para tratar sobre as Problem\u00e1ticas dos Servidores da Educa\u00e7\u00e3o Municipal","data":"2021-11-10","hora_inicio":"18:00","hora_fim":"","observacao":"","audiencia_cancelada":false,"url_audio":"","url_video":"","upload_pauta":null,"upload_ata":null,"upload_anexo":"http://sapl.boavista.rr.leg.br/media/sapl/public/audienciapublica/39/anexo/whatsapp_image_2021-11-08_at_16.53.45.jpeg","materia":29901,"tipo":1,"parlamentar_autor":45,"requerimento":29901}