{"id":47,"__str__":"Audi\u00eancia P\u00fablica de Presta\u00e7\u00e3o de Contas da Sec. Mun. de Educa\u00e7\u00e3o e Cultura 3\u00ba QUAD/21","link_detail_backend":"/audiencia/47","metadata":{},"numero":41,"ano":2022,"nome":"Audi\u00eancia P\u00fablica de Presta\u00e7\u00e3o de Contas da Sec. Mun. de Educa\u00e7\u00e3o e Cultura 3\u00ba QUAD/21","tema":"Audi\u00eancia P\u00fablica de Presta\u00e7\u00e3o de Contas da Sec. Mun. de Educa\u00e7\u00e3o e Cultura 3\u00ba QUAD/21","data":"2022-05-31","hora_inicio":"10:00","hora_fim":"","observacao":"","audiencia_cancelada":false,"url_audio":"https://audios.boavista.rr.leg.br/2022/Prestacao_Contas/PRESTA%c7AO%20DE%20CONTA%20S%20DA%20EDUCA%c7AO%2031.05.2022.mp3","url_video":"","upload_pauta":null,"upload_ata":"http://sapl.boavista.rr.leg.br/media/sapl/public/audienciapublica/47/ata/audiencia_publica_prestacao_de_contas_do_3_qua._educ_31-05-2022.pdf","upload_anexo":null,"materia":null,"tipo":1,"parlamentar_autor":null,"requerimento":null}