{"id":49,"__str__":"Audi\u00eancia P\u00fablica de Presta\u00e7\u00e3o de Contas da Sec. Mun. de Educa\u00e7\u00e3o e Cultura 1\u00baQUAD/22","link_detail_backend":"/audiencia/49","metadata":{},"numero":43,"ano":2022,"nome":"Audi\u00eancia P\u00fablica de Presta\u00e7\u00e3o de Contas da Sec. Mun. de Educa\u00e7\u00e3o e Cultura 1\u00baQUAD/22","tema":"Audi\u00eancia P\u00fablica de Presta\u00e7\u00e3o de Contas da Sec. Mun. de Educa\u00e7\u00e3o e Cultura 1\u00baQUAD/22","data":"2022-08-25","hora_inicio":"09:00","hora_fim":"13:00","observacao":"","audiencia_cancelada":false,"url_audio":"","url_video":"","upload_pauta":null,"upload_ata":"http://sapl.boavista.rr.leg.br/media/sapl/public/audienciapublica/49/ata/prestacao_de_contas_educacao_25-08-2022.pdf","upload_anexo":null,"materia":null,"tipo":1,"parlamentar_autor":null,"requerimento":null}