{"id":50,"__str__":"Audi\u00eancia P\u00fablica de Apresenta\u00e7\u00e3o do Rel. de Presta\u00e7\u00e3o de Contas da Sec. Educa\u00e7\u00e3o - 2\u00ba Quad. 2022","link_detail_backend":"/audiencia/50","metadata":{},"numero":44,"ano":2022,"nome":"Audi\u00eancia P\u00fablica de Apresenta\u00e7\u00e3o do Rel. de Presta\u00e7\u00e3o de Contas da Sec. Educa\u00e7\u00e3o - 2\u00ba Quad. 2022","tema":"Audi\u00eancia P\u00fablica de Apresenta\u00e7\u00e3o do Rel. de Presta\u00e7\u00e3o de Contas da Sec. Educa\u00e7\u00e3o - 2\u00ba Quad. 2022","data":"2022-12-05","hora_inicio":"09:00","hora_fim":"12:00","observacao":"","audiencia_cancelada":false,"url_audio":"","url_video":"","upload_pauta":null,"upload_ata":"http://sapl.boavista.rr.leg.br/media/sapl/public/audienciapublica/50/ata/ata_audiencia_publica_06.12.2022.pdf","upload_anexo":"http://sapl.boavista.rr.leg.br/media/sapl/public/audienciapublica/50/anexo/relatorio_da_educacao_2o_quadrimestre_fina_06.12.2022.pptx","materia":null,"tipo":1,"parlamentar_autor":null,"requerimento":null}