{"id":51,"__str__":"AUDI\u00caNCIA P\u00daBLICA PARA TRATAR SOBRE A INSTITUI\u00c7\u00c3O DO DIA DA CAPOEIRA NO MUNIC\u00cdPIO DE BOA VISTA","link_detail_backend":"/audiencia/51","metadata":{},"numero":45,"ano":2022,"nome":"AUDI\u00caNCIA P\u00daBLICA PARA TRATAR SOBRE A INSTITUI\u00c7\u00c3O DO DIA DA CAPOEIRA NO MUNIC\u00cdPIO DE BOA VISTA","tema":"AUDI\u00caNCIA P\u00daBLICA PARA TRATAR SOBRE A INSTITUI\u00c7\u00c3O DO DIA DA CAPOEIRA NO MUNIC\u00cdPIO DE BOA VISTA","data":"2022-12-12","hora_inicio":"09:00","hora_fim":"12:00","observacao":"","audiencia_cancelada":false,"url_audio":"","url_video":"","upload_pauta":null,"upload_ata":"http://sapl.boavista.rr.leg.br/media/sapl/public/audienciapublica/51/ata/ata_de_audiencia_publica-_dia_da_capoeira_12.12.22.pdf","upload_anexo":null,"materia":null,"tipo":1,"parlamentar_autor":58,"requerimento":29899}