{"id":53,"__str__":"Audi\u00eancia P\u00fablica de Apresenta\u00e7\u00e3o do Rel. de Presta\u00e7\u00e3o de Contas da Sec. Mun. Sa\u00fade - 1\u00ba Quad. 2023","link_detail_backend":"/audiencia/53","metadata":{},"numero":47,"ano":2023,"nome":"Audi\u00eancia P\u00fablica de Apresenta\u00e7\u00e3o do Rel. de Presta\u00e7\u00e3o de Contas da Sec. Mun. Sa\u00fade - 1\u00ba Quad. 2023","tema":"Audi\u00eancia P\u00fablica de Apresenta\u00e7\u00e3o do Rel. de Presta\u00e7\u00e3o de Contas da Sec. Mun. Sa\u00fade - 1\u00ba Quad. 2023","data":"2023-06-14","hora_inicio":"10:30","hora_fim":"","observacao":"","audiencia_cancelada":false,"url_audio":"","url_video":"","upload_pauta":null,"upload_ata":"http://sapl.boavista.rr.leg.br/media/sapl/public/audienciapublica/53/ata/audiencia_publica_de_prestacao_de_contas_da_secretaria_de_saude-_14.06.23.docx","upload_anexo":"http://sapl.boavista.rr.leg.br/media/sapl/public/audienciapublica/53/anexo/apresentacao_-_prestacao_de_contas_2023_-_1o_quadrimestre_-_para_camara_final.pptx","materia":null,"tipo":1,"parlamentar_autor":null,"requerimento":null}