{"id":54,"__str__":"Audi\u00eancia P\u00fablica de Apresenta\u00e7\u00e3o do Rel. de Presta\u00e7\u00e3o de Contas da Sec. Mun. Sa\u00fade - 2\u00ba Quad. 2023","link_detail_backend":"/audiencia/54","metadata":{},"numero":48,"ano":2023,"nome":"Audi\u00eancia P\u00fablica de Apresenta\u00e7\u00e3o do Rel. de Presta\u00e7\u00e3o de Contas da Sec. Mun. Sa\u00fade - 2\u00ba Quad. 2023","tema":"Audi\u00eancia P\u00fablica de Apresenta\u00e7\u00e3o do Rel. de Presta\u00e7\u00e3o de Contas da Sec. Mun. Sa\u00fade - 2\u00ba Quad. 2023","data":"2023-10-03","hora_inicio":"10:30","hora_fim":"","observacao":"","audiencia_cancelada":false,"url_audio":"","url_video":"","upload_pauta":null,"upload_ata":null,"upload_anexo":null,"materia":null,"tipo":1,"parlamentar_autor":null,"requerimento":null}