{"id":58,"__str__":"Audi\u00eancia P\u00fablica para tratar sobre Zoneamento do Residencial P\u00e1tio Cauam\u00e9","link_detail_backend":"/audiencia/58","metadata":{},"numero":52,"ano":2023,"nome":"Audi\u00eancia P\u00fablica para tratar sobre Zoneamento do Residencial P\u00e1tio Cauam\u00e9","tema":"Audi\u00eancia P\u00fablica para tratar sobre Zoneamento do Residencial P\u00e1tio Cauam\u00e9","data":"2023-02-24","hora_inicio":"19:30","hora_fim":"","observacao":"","audiencia_cancelada":false,"url_audio":"https://nuvem.boavista.rr.leg.br/index.php/s/MxMLbmLRmX4W7WK/download/24.02.2023%20Audiencia%20Publica%20Sobre%20Zoneamento%20Res.%20Patio%20%20Cauame","url_video":"https://fb.watch/iWu2a8qroT/","upload_pauta":null,"upload_ata":"http://sapl.boavista.rr.leg.br/media/sapl/public/audienciapublica/58/ata/audiencia_publica_zoneamento_residencial_do_patio_cauame_24.02.23.pdf","upload_anexo":null,"materia":36961,"tipo":1,"parlamentar_autor":60,"requerimento":36961}