{"id":60,"__str__":"Audi\u00eancia P\u00fablica para tratar dos constantes rompimentos da fibra \u00f3tica.","link_detail_backend":"/audiencia/60","metadata":{},"numero":54,"ano":2023,"nome":"Audi\u00eancia P\u00fablica para tratar dos constantes rompimentos da fibra \u00f3tica.","tema":"Audi\u00eancia P\u00fablica para tratar dos constantes rompimentos da fibra \u00f3tica.","data":"2023-03-29","hora_inicio":"11:00","hora_fim":"","observacao":"","audiencia_cancelada":false,"url_audio":"https://nuvem.boavista.rr.leg.br/index.php/s/TCPRYrLrM4E7ECC/download/Audiencia%20Publica%20Para%20Tratar%20Dos%20Constantes%20Rompimentos%20Fibra%20%","url_video":"https://www.youtube.com/watch?v=7dslAGCm3eo","upload_pauta":null,"upload_ata":"http://sapl.boavista.rr.leg.br/media/sapl/public/audienciapublica/60/ata/audi._public._fibra_optica.pdf","upload_anexo":null,"materia":37206,"tipo":1,"parlamentar_autor":null,"requerimento":null}