{"id":63,"__str__":"Audi\u00eancia P\u00fablica para tratar da S\u00edndrome de Down, outras defici\u00eancias e a realidade dos Pais e M\u00e3es","link_detail_backend":"/audiencia/63","metadata":{},"numero":57,"ano":2023,"nome":"Audi\u00eancia P\u00fablica para tratar da S\u00edndrome de Down, outras defici\u00eancias e a realidade dos Pais e M\u00e3es","tema":"Audi\u00eancia P\u00fablica para tratar da S\u00edndrome de Down, outras defici\u00eancias e a realidade dos Pais e M\u00e3es","data":"2023-04-27","hora_inicio":"15:00","hora_fim":"","observacao":"","audiencia_cancelada":false,"url_audio":"https://nuvem.boavista.rr.leg.br/index.php/s/tNKSnCH3fMjYLqS/download/Audiencia%20Publica%20Tratar%20Sindrome%20De%20Dowm%2027.04.2023.mp3","url_video":"https://www.youtube.com/watch?v=AIdBp24djjc","upload_pauta":null,"upload_ata":"http://sapl.boavista.rr.leg.br/media/sapl/public/audienciapublica/63/ata/audiencia_publica_sobre_a_sindrome_de_down_-_27.04.23.pdf","upload_anexo":null,"materia":37798,"tipo":1,"parlamentar_autor":null,"requerimento":null}