{"id":66,"__str__":"Audi\u00eancia P\u00fablica em Alus\u00e3o ao Dia Nacional de Enfrentamento ao Abuso e Explora\u00e7\u00e3o Sexual de Crian\u00e7a","link_detail_backend":"/audiencia/66","metadata":{},"numero":59,"ano":2023,"nome":"Audi\u00eancia P\u00fablica em Alus\u00e3o ao Dia Nacional de Enfrentamento ao Abuso e Explora\u00e7\u00e3o Sexual de Crian\u00e7a","tema":"Audi\u00eancia P\u00fablica em Alus\u00e3o ao Dia Nacional de Enfrentamento ao Abuso e Explora\u00e7\u00e3o Sexual de Crian\u00e7a","data":"2023-05-18","hora_inicio":"14:30","hora_fim":"","observacao":"","audiencia_cancelada":false,"url_audio":"https://nuvem.boavista.rr.leg.br/index.php/s/2AW4czS3Y4a3f6Q/download/AUDIENCIA%20PUBLICA%20EMFRENTAMENTO%20AO%20ABUSO%20E%20EXPLORA%C3%87AO%20SEXUAL%","url_video":"https://www.youtube.com/watch?v=Vaqe_a9NVG8","upload_pauta":null,"upload_ata":"http://sapl.boavista.rr.leg.br/media/sapl/public/audienciapublica/66/ata/ata__da_audiencia_publica_para_tratar_sobre_o_enfrentamento_ao_abuso_e_exploracao_sexual_18.05.23.pdf","upload_anexo":null,"materia":38531,"tipo":1,"parlamentar_autor":66,"requerimento":38531}