{"id":70,"__str__":"Audi\u00eancia P\u00fablica de Apresenta\u00e7\u00e3o da Presta\u00e7\u00e3o de Contas do 3\u00ba quadrimestre de 2023 - Sec. Educa\u00e7\u00e3o","link_detail_backend":"/audiencia/70","metadata":{},"numero":63,"ano":2024,"nome":"Audi\u00eancia P\u00fablica de Apresenta\u00e7\u00e3o da Presta\u00e7\u00e3o de Contas do 3\u00ba quadrimestre de 2023 - Sec. Educa\u00e7\u00e3o","tema":"Audi\u00eancia P\u00fablica de Apresenta\u00e7\u00e3o da Presta\u00e7\u00e3o de Contas do 3\u00ba quadrimestre de 2023 - Sec. Educa\u00e7\u00e3o","data":"2024-04-11","hora_inicio":"10:30","hora_fim":"","observacao":"Marcada atrav\u00e9s do Of\u00edcio n.\u00ba 002/2024;\r\nRemarcada atrav\u00e9s do Of\u00edcio n.\u00ba 092/2024/SGL/CMBV;\r\nAudi\u00eancia P\u00fablica Cancelada, conforme OF\u00cdCIO 17283 SMEC/GAB/2024 - informando a impossibilidade de apresenta\u00e7\u00e3o da Presta\u00e7\u00e3o de Contas\r\ndo 3\u00ba Quadrimestre de 2023, no qual estava agendada para o dia 21/03/2024.\r\nRemarcada atrav\u00e9s do Of\u00edcio n.\u00ba 181/2024/SGL/CMBV, para 11/04/2024 (quinta-feira) as 09h.","audiencia_cancelada":false,"url_audio":"","url_video":"https://www.youtube.com/watch?v=jNHUDyNvKvw","upload_pauta":null,"upload_ata":"http://sapl.boavista.rr.leg.br/media/sapl/public/audienciapublica/70/ata/ata_de_audiencia_publica-_prestaacao_de_conta_11.04.21.pdf","upload_anexo":null,"materia":null,"tipo":1,"parlamentar_autor":null,"requerimento":null}