{"id":79,"__str__":"Audi\u00eancia P\u00fablica de Apresenta\u00e7\u00e3o do Rel. Presta\u00e7\u00e3o de Contas do 2\u00ba quadrimestre de 2025-Sec. Sa\u00fade","link_detail_backend":"/audiencia/79","metadata":{},"numero":71,"ano":2025,"nome":"Audi\u00eancia P\u00fablica de Apresenta\u00e7\u00e3o do Rel. Presta\u00e7\u00e3o de Contas do 2\u00ba quadrimestre de 2025-Sec. Sa\u00fade","tema":"Audi\u00eancia P\u00fablica de Apresenta\u00e7\u00e3o do Rel. Presta\u00e7\u00e3o de Contas do 2\u00ba quadrimestre de 2025-Sec. Sa\u00fade","data":"2025-09-30","hora_inicio":"09:00","hora_fim":"","observacao":"","audiencia_cancelada":false,"url_audio":"https://nuvem.boavista.rr.leg.br/index.php/s/yFtGkWXEoLP2Boa","url_video":"https://www.youtube.com/watch?v=NY4-c_gfu-M","upload_pauta":null,"upload_ata":"http://sapl.boavista.rr.leg.br/media/sapl/public/audienciapublica/79/ata/ata_da_audiencia_publica_da_prestacao_de_contas_smsa_-_30.09.2025.pdf","upload_anexo":null,"materia":null,"tipo":1,"parlamentar_autor":null,"requerimento":null}