{"id":80,"__str__":"Audi\u00eancia P\u00fablica de Apresenta\u00e7\u00e3o da Presta\u00e7\u00e3o de Contas do 3\u00ba quadrimestre de 2024 - Sec. Educa\u00e7\u00e3o","link_detail_backend":"/audiencia/80","metadata":{},"numero":72,"ano":2025,"nome":"Audi\u00eancia P\u00fablica de Apresenta\u00e7\u00e3o da Presta\u00e7\u00e3o de Contas do 3\u00ba quadrimestre de 2024 - Sec. Educa\u00e7\u00e3o","tema":"Audi\u00eancia P\u00fablica de Apresenta\u00e7\u00e3o da Presta\u00e7\u00e3o de Contas do 3\u00ba quadrimestre de 2024 - Sec. Educa\u00e7\u00e3o","data":"2025-03-12","hora_inicio":"09:00","hora_fim":"","observacao":"","audiencia_cancelada":false,"url_audio":"","url_video":"","upload_pauta":null,"upload_ata":"http://sapl.boavista.rr.leg.br/media/sapl/public/audienciapublica/80/ata/ata_da_audiencia_publica_da_prestacao_de_contas_smec_-_12.03.25.pdf","upload_anexo":null,"materia":null,"tipo":1,"parlamentar_autor":null,"requerimento":null}