{"id":81,"__str__":"Audi\u00eancia P\u00fablica de Apresenta\u00e7\u00e3o da Presta\u00e7\u00e3o de Contas do 1\u00ba quadrimestre de 2025 - Sec. Educa\u00e7\u00e3o","link_detail_backend":"/audiencia/81","metadata":{},"numero":73,"ano":2025,"nome":"Audi\u00eancia P\u00fablica de Apresenta\u00e7\u00e3o da Presta\u00e7\u00e3o de Contas do 1\u00ba quadrimestre de 2025 - Sec. Educa\u00e7\u00e3o","tema":"Audi\u00eancia P\u00fablica de Apresenta\u00e7\u00e3o da Presta\u00e7\u00e3o de Contas do 1\u00ba quadrimestre de 2025 - Sec. Educa\u00e7\u00e3o","data":"2025-06-18","hora_inicio":"11:00","hora_fim":"","observacao":"","audiencia_cancelada":false,"url_audio":"https://nuvem.boavista.rr.leg.br/index.php/s/8kj3LQEkNqZQzmT","url_video":"https://www.youtube.com/watch?v=J-ntQlHOX70","upload_pauta":null,"upload_ata":"http://sapl.boavista.rr.leg.br/media/sapl/public/audienciapublica/81/ata/ata_da_audiencia_publica__para_tratar_a_apresentacao_da_prestacao_de_contas_do_1o_quadrimestre_smec_-_18.06.25.pdf","upload_anexo":null,"materia":null,"tipo":1,"parlamentar_autor":null,"requerimento":null}