{"id":82,"__str__":"Audi\u00eancia P\u00fablica de Apresenta\u00e7\u00e3o da Presta\u00e7\u00e3o de Contas do 2\u00ba quadrimestre de 2025 - Sec. Educa\u00e7\u00e3o","link_detail_backend":"/audiencia/82","metadata":{},"numero":74,"ano":2025,"nome":"Audi\u00eancia P\u00fablica de Apresenta\u00e7\u00e3o da Presta\u00e7\u00e3o de Contas do 2\u00ba quadrimestre de 2025 - Sec. Educa\u00e7\u00e3o","tema":"Audi\u00eancia P\u00fablica de Apresenta\u00e7\u00e3o da Presta\u00e7\u00e3o de Contas do 2\u00ba quadrimestre de 2025 - Sec. Educa\u00e7\u00e3o","data":"2025-10-22","hora_inicio":"10:30","hora_fim":"","observacao":"","audiencia_cancelada":false,"url_audio":"https://nuvem.boavista.rr.leg.br/index.php/s/pQYEHfqQAFAXW9t","url_video":"https://www.youtube.com/watch?v=95GjeOjknUE&t=5s","upload_pauta":null,"upload_ata":"http://sapl.boavista.rr.leg.br/media/sapl/public/audienciapublica/82/ata/audiencia_publica_de_prestacao_de_contas_da_educacao_-_22.10.25.pdf","upload_anexo":null,"materia":null,"tipo":1,"parlamentar_autor":null,"requerimento":null}