{"id":88,"__str__":"DIREITOS E PROTE\u00c7\u00c3O DOS IDOSOS EM BOA VISTA: POL\u00cdTICAS P\u00daBLICAS E DESAFIOS PARA UMA EFETIVA GARANTIA","link_detail_backend":"/audiencia/88","metadata":{},"numero":80,"ano":2025,"nome":"DIREITOS E PROTE\u00c7\u00c3O DOS IDOSOS EM BOA VISTA: POL\u00cdTICAS P\u00daBLICAS E DESAFIOS PARA UMA EFETIVA GARANTIA","tema":"DIREITOS E PROTE\u00c7\u00c3O DOS IDOSOS EM BOA VISTA: POL\u00cdTICAS P\u00daBLICAS E DESAFIOS PARA UMA EFETIVA GARANTIA","data":"2025-05-22","hora_inicio":"09:00","hora_fim":"","observacao":"","audiencia_cancelada":false,"url_audio":"https://nuvem.boavista.rr.leg.br/index.php/s/GTarwWp7aqx2yNe","url_video":"","upload_pauta":null,"upload_ata":"http://sapl.boavista.rr.leg.br/media/sapl/public/audienciapublica/88/ata/ata_da_audiencia_publica_para_tratar_os_direitos_e_protecao_dos_idosos_em_bv-_22.05.2025.pdf","upload_anexo":null,"materia":62590,"tipo":1,"parlamentar_autor":87,"requerimento":62590}