{"id":8,"__str__":"A PREVEN\u00c7\u00c3O E CUIDADO INTEGRAL PARA UMA VIDA SAUD\u00c1VEL DO PREMATURO","link_detail_backend":"/audiencia/8","metadata":{},"numero":8,"ano":2019,"nome":"A PREVEN\u00c7\u00c3O E CUIDADO INTEGRAL PARA UMA VIDA SAUD\u00c1VEL DO PREMATURO","tema":"A PREVEN\u00c7\u00c3O E CUIDADO INTEGRAL PARA UMA VIDA SAUD\u00c1VEL DO PREMATURO","data":"2019-11-21","hora_inicio":"09:00","hora_fim":"","observacao":"","audiencia_cancelada":false,"url_audio":"","url_video":"","upload_pauta":null,"upload_ata":"http://sapl.boavista.rr.leg.br/media/sapl/public/audienciapublica/8/ata/prevencao_e_cuidado_integral_para_uma_vida_saudavel_do_prematuro.pdf","upload_anexo":null,"materia":null,"tipo":1,"parlamentar_autor":null,"requerimento":null}