{"id":97,"__str__":"Audi\u00eancia P\u00fablica para tratar sobre \"A Extin\u00e7\u00e3o da Companhia Energ\u00e9tica de Roraima - CERR\"","link_detail_backend":"/audiencia/97","metadata":{},"numero":89,"ano":2025,"nome":"Audi\u00eancia P\u00fablica para tratar sobre \"A Extin\u00e7\u00e3o da Companhia Energ\u00e9tica de Roraima - CERR\"","tema":"A Extin\u00e7\u00e3o da Companhia Energ\u00e9tica de Roraima - CERR.","data":"2025-05-26","hora_inicio":"10:00","hora_fim":"13:00","observacao":"A data sugerida foi dia 26 de maio de 2025, \u00e0s 10:00h, no Plen\u00e1rio desta Casa Legislativa.\r\nAudi\u00eancia P\u00fablica cancelada por solicita\u00e7\u00e3o do autor.","audiencia_cancelada":true,"url_audio":"","url_video":"","upload_pauta":null,"upload_ata":null,"upload_anexo":null,"materia":66455,"tipo":1,"parlamentar_autor":85,"requerimento":66455}