{"id":9,"__str__":"Audi\u00eancia P\u00fablica de Apresenta\u00e7\u00e3o do Relat\u00f3rio de Presta\u00e7\u00e3o de Contas da SEMSA - 3\u00baQ/18","link_detail_backend":"/audiencia/9","metadata":{},"numero":9,"ano":2019,"nome":"Audi\u00eancia P\u00fablica de Apresenta\u00e7\u00e3o do Relat\u00f3rio de Presta\u00e7\u00e3o de Contas da SEMSA - 3\u00baQ/18","tema":"Audi\u00eancia P\u00fablica de Apresenta\u00e7\u00e3o do Relat\u00f3rio de Presta\u00e7\u00e3o de Contas da SEMSA - 3\u00baQ/18","data":"2019-03-21","hora_inicio":"10:00","hora_fim":"","observacao":"","audiencia_cancelada":false,"url_audio":"","url_video":"","upload_pauta":null,"upload_ata":"http://sapl.boavista.rr.leg.br/media/sapl/public/audienciapublica/9/ata/ata_audiencia_publica_-_3o_quad_2018_-_semsa.pdf","upload_anexo":null,"materia":null,"tipo":1,"parlamentar_autor":null,"requerimento":null}