{"id":33704,"__str__":"Projeto de Lei do Legislativo n\u00ba 241 de 2022","link_detail_backend":"/materia/33704","metadata":{},"numero":241,"ano":2022,"numero_protocolo":null,"data_apresentacao":"2022-05-20","tipo_apresentacao":"E","data_publicacao":null,"numero_origem_externa":"","ano_origem_externa":null,"data_origem_externa":null,"apelido":"","dias_prazo":null,"data_fim_prazo":null,"em_tramitacao":false,"polemica":false,"objeto":"","complementar":false,"ementa":"DISP\u00d5E SOBRE: O LAUDO M\u00c9DICO PERICIAL QUE ATESTE DEFICI\u00caNCIAS F\u00cdSICAS, MENTAIS E/OU INTELECTUAIS DE CAR\u00c1TER IRREVERS\u00cdVEL TER\u00c1 VALIDADE POR TEMPO INDETERMINADO.","indexacao":"","observacao":"","resultado":"","texto_original":"http://sapl.boavista.rr.leg.br/media/sapl/public/materialegislativa/2022/33704/lei_municipal_no_2.355-2023-leg-proj._241_de_20_de_maio_de_2022-_ver._manoel_neves.pdf","data_ultima_atualizacao":"2023-04-13T09:36:10.807094-03:00","ip":"138.219.130.108","ultima_edicao":"2023-04-13T09:36:09.858649-03:00","tipo":1,"regime_tramitacao":1,"tipo_origem_externa":null,"local_origem_externa":null,"user":73,"anexadas":[],"autores":[12]}