{"id":37798,"__str__":"Requerimento n\u00ba 14 de 2023","link_detail_backend":"/materia/37798","metadata":{},"numero":14,"ano":2023,"numero_protocolo":1166,"data_apresentacao":"2023-03-21","tipo_apresentacao":"E","data_publicacao":null,"numero_origem_externa":"","ano_origem_externa":null,"data_origem_externa":null,"apelido":"","dias_prazo":null,"data_fim_prazo":null,"em_tramitacao":false,"polemica":false,"objeto":"","complementar":false,"ementa":"REQUER A AUDI\u00caNCIA P\u00daBLICA PARA TRATAR DA S\u00cdNDROME DE DOWN, OUTRAS DEFICI\u00caNCIAS, E A REALIDADE DOS PAIS E M\u00c3ES COM O PODER P\u00daBLICO MUNICIPAL.","indexacao":"s\u00edndrome, down, defici\u00eancias.","observacao":"Audi\u00eancia P\u00fablica agendada para o dia 27/04/2023 \u00e0s 15h.","resultado":"","texto_original":"http://sapl.boavista.rr.leg.br/media/sapl/public/materialegislativa/2023/37798/requerimento.pdf","data_ultima_atualizacao":"2023-03-22T13:07:23.481586-03:00","ip":"138.219.130.108","ultima_edicao":"2023-03-22T13:05:40.331799-03:00","tipo":3,"regime_tramitacao":1,"tipo_origem_externa":null,"local_origem_externa":null,"user":78,"anexadas":[],"autores":[70]}