{"id":43225,"__str__":"Requerimento n\u00ba 45 de 2023","link_detail_backend":"/materia/43225","metadata":{},"numero":45,"ano":2023,"numero_protocolo":6529,"data_apresentacao":"2023-09-12","tipo_apresentacao":"E","data_publicacao":null,"numero_origem_externa":"","ano_origem_externa":null,"data_origem_externa":null,"apelido":"","dias_prazo":null,"data_fim_prazo":null,"em_tramitacao":false,"polemica":false,"objeto":"","complementar":false,"ementa":"O vereador que esta subscreve, atrav\u00e9s deste REQUERIMENTO, solicita \u00e0 Mesa Diretora, uma vez ouvido o Doutor Plen\u00e1rio nos termos regimentais do Art. 110, inciso X, do Regimento Interno desta Casa Legislativa, VEM REQUERER AUDIENCIA P\u00daBLICA EM ALUS\u00c3O A JOVENS LIDEREN\u00c7AS NO AGRO RORAIMENSE.","indexacao":"AUDIENCIA, JOVENS, LIDERAN\u00c7AS, AGRO.","observacao":"","resultado":"","texto_original":"http://sapl.boavista.rr.leg.br/media/sapl/public/materialegislativa/2023/43225/solicitacao_audiencia_publica.pdf","data_ultima_atualizacao":"2024-12-26T21:08:45.799546-03:00","ip":"138.219.130.108","ultima_edicao":"2023-09-12T12:08:41.993282-03:00","tipo":3,"regime_tramitacao":1,"tipo_origem_externa":null,"local_origem_externa":null,"user":127,"anexadas":[],"autores":[64]}