{"id":61424,"__str__":"Requerimento n\u00ba 20 de 2025","link_detail_backend":"/materia/61424","metadata":{"signs":{"texto_original":{"admin":[],"autores":[["Thiago Cesar Reis Pereira",["2025-02-24T11:13:10-03:00","Gov-Br"]]]}}},"numero":20,"ano":2025,"numero_protocolo":1214,"data_apresentacao":"2025-02-24","tipo_apresentacao":"E","data_publicacao":null,"numero_origem_externa":"","ano_origem_externa":null,"data_origem_externa":null,"apelido":"","dias_prazo":null,"data_fim_prazo":null,"em_tramitacao":false,"polemica":false,"objeto":"","complementar":false,"ementa":"Vereador que este subscreve, no uso de suas atribui\u00e7\u00f5es regimentais, requer \u00e0 Mesa Diretora, ap\u00f3s ouvido o Douto Plen\u00e1rio, nos termos do Art. 110, Inciso X, do Regimento Interno desta Casa Legislativa, vem REQUERER a realiza\u00e7\u00e3o de Audi\u00eancia P\u00fablica para debater \"Juventude em Foco: Pol\u00edticas P\u00fablicas e Oportunidades para o Futuro\".","indexacao":"audi\u00eancia, p\u00fablica, juventude, foco.","observacao":"","resultado":"","texto_original":"http://sapl.boavista.rr.leg.br/media/sapl/public/materialegislativa/2025/61424/audiencia_publica_-_juventude_assinado.pdf","data_ultima_atualizacao":"2025-03-26T10:29:29.293165-03:00","ip":"201.78.95.230","ultima_edicao":"2025-02-24T14:35:10.436006-03:00","tipo":3,"regime_tramitacao":1,"tipo_origem_externa":null,"local_origem_externa":null,"user":78,"anexadas":[],"autores":[132]}