{"id":62590,"__str__":"Requerimento n\u00ba 41 de 2025","link_detail_backend":"/materia/62590","metadata":{},"numero":41,"ano":2025,"numero_protocolo":2339,"data_apresentacao":"2025-03-17","tipo_apresentacao":"E","data_publicacao":null,"numero_origem_externa":"","ano_origem_externa":null,"data_origem_externa":null,"apelido":"","dias_prazo":null,"data_fim_prazo":null,"em_tramitacao":false,"polemica":false,"objeto":"","complementar":false,"ementa":"A vereadora  que este subscreve, no uso de suas atribui\u00e7\u00f5es regimentais, requer \u00e0 Mesa Diretora, ap\u00f3s ouvido o Douto Plen\u00e1rio, nos termos do Art. 110, Inciso X, do Regimento Interno desta Casa Legislativa, vem REQUERER a realiza\u00e7\u00e3o de Audi\u00eancia P\u00fablica para debater a tem\u00e1tica sobre \u201cDireitos e Prote\u00e7\u00e3o dos Idosos em Boa Vista: Pol\u00edticas P\u00fablicas e Desafios para uma Efetiva Garantia\u201d.","indexacao":"","observacao":"","resultado":"","texto_original":"http://sapl.boavista.rr.leg.br/media/sapl/public/materialegislativa/2025/62590/requerimento_-_idosos.pdf","data_ultima_atualizacao":"2025-04-01T10:33:22.006652-03:00","ip":"138.219.130.108","ultima_edicao":"2025-03-17T13:37:25.218400-03:00","tipo":3,"regime_tramitacao":1,"tipo_origem_externa":null,"local_origem_externa":null,"user":78,"anexadas":[],"autores":[130]}