{"id":63230,"__str__":"Indica\u00e7\u00e3o n\u00ba 2741 de 2025","link_detail_backend":"/materia/63230","metadata":{"signs":{"texto_original":{"admin":[],"autores":[["Anne Caroliny Dantas Pereira",["2025-03-25T17:29:19-04:00","ICP-Brasil"]]]}}},"numero":2741,"ano":2025,"numero_protocolo":2969,"data_apresentacao":"2025-03-26","tipo_apresentacao":"","data_publicacao":null,"numero_origem_externa":"","ano_origem_externa":null,"data_origem_externa":null,"apelido":"","dias_prazo":null,"data_fim_prazo":null,"em_tramitacao":false,"polemica":false,"objeto":"","complementar":false,"ementa":"QUE A PREFEITURA MUNICIPAL DE BOA VISTA, POR MEIO DE SUA SECRETARIA COMPETENTE PROMOVA O SERVI\u00c7O DE IMPLANTA\u00c7\u00c3O\r\nDE QUEBRA MOLA NA AV. PRESIDENTE JUSCELINO KUBITSCHEK E NA RUA JOS\u00c9 BONIF\u00c1CIO","indexacao":"implanta\u00e7\u00e3o quebra mola","observacao":"","resultado":"","texto_original":"http://sapl.boavista.rr.leg.br/media/sapl/public/materialegislativa/2025/63230/av._presidente_juscelino_kubitschek.pdf","data_ultima_atualizacao":"2025-04-09T09:52:36.141815-03:00","ip":"138.219.130.108","ultima_edicao":"2025-03-26T09:46:42.453614-03:00","tipo":8,"regime_tramitacao":1,"tipo_origem_externa":null,"local_origem_externa":null,"user":201,"anexadas":[],"autores":[127]}