{"id":88268,"__str__":"Indica\u00e7\u00e3o n\u00ba 749 de 2026","link_detail_backend":"/materia/88268","metadata":{"signs":{"texto_original":{"admin":[],"autores":[["Adjalma Goncalves",["2026-02-04T11:03:07-04:00","ICP-Brasil - Certificado PF A3"]]]}}},"numero":749,"ano":2026,"numero_protocolo":787,"data_apresentacao":"2026-02-05","tipo_apresentacao":"","data_publicacao":null,"numero_origem_externa":"","ano_origem_externa":null,"data_origem_externa":null,"apelido":"","dias_prazo":null,"data_fim_prazo":null,"em_tramitacao":false,"polemica":false,"objeto":"","complementar":false,"ementa":"SOLICITO QUE A PREFEITURA MUNICIPAL DE BOA VISTA, ATRAV\u00c9S DA SUA SECRETARIA COMPETENTE, EXECUTE O SERVI\u00c7O DE CONSTRU\u00c7\u00c3O DE CAL\u00c7ADA  NA RUA S\u00c3O JOS\u00c9 DO SERID\u00d3, BAIRRO SAID SALOM\u00c3O.","indexacao":"","observacao":"","resultado":"","texto_original":"http://sapl.boavista.rr.leg.br/media/sapl/public/materialegislativa/2026/88268/calcada_rua_sao_jose_do_serido_bairro_said_salomao_.pdf","data_ultima_atualizacao":"2026-03-27T11:28:11.192294-03:00","ip":"","ultima_edicao":null,"tipo":8,"regime_tramitacao":1,"tipo_origem_externa":null,"local_origem_externa":null,"user":null,"anexadas":[],"autores":[119]}