{"id":88283,"__str__":"Indica\u00e7\u00e3o n\u00ba 764 de 2026","link_detail_backend":"/materia/88283","metadata":{"signs":{"texto_original":{"admin":[],"autores":[["Deyvid Everson Silva Carneiro",["2026-02-04T11:32:13-04:00","ICP-Brasil - AC SyngularID Multipla"]]]}}},"numero":764,"ano":2026,"numero_protocolo":802,"data_apresentacao":"2026-02-05","tipo_apresentacao":"","data_publicacao":null,"numero_origem_externa":"","ano_origem_externa":null,"data_origem_externa":null,"apelido":"","dias_prazo":null,"data_fim_prazo":null,"em_tramitacao":false,"polemica":false,"objeto":"","complementar":false,"ementa":"QUE A PREFEITURA MUNICIPAL DE BOA VISTA, POR MEIO DA SECRETARIA COMPETENTE, PROMOVA SERVI\u00c7O DE LIMPEZA NA RUA PAPA JO\u00c3O PAULO II, NO BAIRRO NOVA CANA\u00c3","indexacao":"","observacao":"","resultado":"","texto_original":"http://sapl.boavista.rr.leg.br/media/sapl/public/materialegislativa/2026/88283/04.02.2026_rua_joao_paulo_ii_-_limpeza.pdf","data_ultima_atualizacao":"2026-03-27T11:28:29.108739-03:00","ip":"","ultima_edicao":null,"tipo":8,"regime_tramitacao":1,"tipo_origem_externa":null,"local_origem_externa":null,"user":null,"anexadas":[],"autores":[126]}